{"id":404,"date":"2015-11-10T15:12:05","date_gmt":"2015-11-10T15:12:05","guid":{"rendered":"http:\/\/sambacarioca.com.br\/samba\/?p=404"},"modified":"2015-11-10T15:12:05","modified_gmt":"2015-11-10T15:12:05","slug":"historia-do-pagode","status":"publish","type":"post","link":"https:\/\/sambacarioca.com.br\/samba\/historia-do-pagode\/","title":{"rendered":"Hist\u00f3ria do Pagode"},"content":{"rendered":"<p><span style=\"color: #000000; font-size: 14pt;\"><strong><span style=\"color: #3366ff;\">Hist\u00f3ria do Pagode:<\/span><\/strong> O pagode \u00e9 um g\u00eanero musical nascido do samba. A Hist\u00f3ria do Pagode tem suas origens no Rio de Janeiro entre o final da d\u00e9cada de 1970 e in\u00edcio da d\u00e9cada de 1980, a partir da tradi\u00e7\u00e3o das rodas de samba feitas nos &#8220;fundos de quintal&#8221;.<\/span><\/p>\n<p><span style=\"color: #000000; font-size: 14pt;\">O termo &#8220;pagode&#8221; est\u00e1 presente na linguagem musical brasileira desde, pelo menos, o s\u00e9culo XIX. Inicialmente, era associado \u00e0s festas que aconteciam nas senzalas e, mais tarde, se tornou sin\u00f4nimo de qualquer festa regada a alegria, bebida e cantoria.<\/span><\/p>\n<h2><span style=\"font-size: 24pt;\"><strong><span style=\"font-family: 'courier new', courier, monospace; color: #000000;\">Hist\u00f3ria do Pagode<\/span><\/strong><\/span><\/h2>\n<figure id=\"attachment_410\" aria-describedby=\"caption-attachment-410\" style=\"width: 500px\" class=\"wp-caption alignright\"><a style=\"color: #000000;\" href=\"https:\/\/sambacarioca.com.br\/samba\/wp-content\/uploads\/2015\/11\/pagode.jpeg\"><img loading=\"lazy\" decoding=\"async\" class=\"wp-image-410 size-full\" src=\"https:\/\/sambacarioca.com.br\/samba\/wp-content\/uploads\/2015\/11\/pagode.jpeg\" alt=\"Hist\u00f3ria do Pagode\" width=\"500\" height=\"260\" srcset=\"https:\/\/sambacarioca.com.br\/samba\/wp-content\/uploads\/2015\/11\/pagode.jpeg 500w, https:\/\/sambacarioca.com.br\/samba\/wp-content\/uploads\/2015\/11\/pagode-300x156.jpeg 300w\" sizes=\"auto, (max-width: 500px) 100vw, 500px\" \/><\/a><figcaption id=\"caption-attachment-410\" class=\"wp-caption-text\"><span style=\"font-size: 10pt; color: #000000;\">Instrumentos t\u00edpicos do g\u00eanero<span style=\"font-size: 8pt;\">. foto: Aline Torino<\/span><\/span><\/figcaption><\/figure>\n<p><span style=\"color: #000000;\">Com o passar do tempo, o termo &#8220;pagode&#8221; come\u00e7ou a ser usado como sin\u00f4nimo de samba, por causa de sambistas que se valiam deste nome pra suas festas, ou, seus pagodes.<\/span><\/p>\n<p><span style=\"color: #000000;\">Como vertente musical, o pagode nasceria exatamente dessa manifesta\u00e7\u00e3o popular completamente marginal aos acontecimentos musicais dos grandes meios de comunica\u00e7\u00e3o brasileira. A partir do surgimento de nova gera\u00e7\u00e3o de sambistas no Rio de Janeiro nos anos oitenta, oriunda desses pagodes e que inovaria a forma de se fazer samba, o termo &#8220;pagode&#8221; batizar espontaneamente o novo estilo musical derivado do samba.<\/span><\/p>\n<p><span style=\"color: #000000;\">Antigamente, pagode era considerado como festa de escravos nas senzalas de escravos negros e quilombos. Em meados do s\u00e9culo XIX, o termo passou a designar reuni\u00f5es para se compartilhar amizades, m\u00fasica, comida e bebida.<\/span><\/p>\n<ul>\n<li><span style=\"font-size: 14pt; color: #0000ff;\"><a style=\"color: #0000ff;\" href=\"https:\/\/sambacarioca.com.brsamba\/samba\/documentario-breve-historia-do-samba\/\">Document\u00e1rio Breve Hist\u00f3ria do Samba<\/a><\/span><\/li>\n<li><span style=\"font-size: 14pt; color: #0000ff;\"><a style=\"color: #0000ff;\" href=\"https:\/\/sambacarioca.com.brsamba\/samba\/historia-do-carnaval-carioca\/\">Hist\u00f3ria do Carnaval Carioca<\/a><\/span><\/li>\n<li><span style=\"font-size: 14pt; color: #0000ff;\"><a style=\"color: #0000ff;\" href=\"https:\/\/sambacarioca.com.brsamba\/samba\/documentario-historia-do-samba-carioca\/\">Document\u00e1rio A Hist\u00f3ria do Samba Carioca<\/a><\/span><\/li>\n<li><span style=\"font-size: 14pt; color: #0000ff;\"><a style=\"color: #0000ff;\" href=\"https:\/\/sambacarioca.com.br\/samba\/os-pagodes-da-tia-doca\/\">Os Pagodes da Tia Doca<\/a><\/span><\/li>\n<\/ul>\n<p><span style=\"color: #000000;\">Com a aboli\u00e7\u00e3o da escravatura e fixa\u00e7\u00e3o dos negros libertos no Rio de Janeiro, que t\u00eam uma rela\u00e7\u00e3o intr\u00ednseca com o sincretismo de religi\u00f5es de origem africana, como o candombl\u00e9 umbanda, o pagode se consolidou a partir do s\u00e9culo XX como uma necessidade de compartilhar e construir identidade de um povo rec\u00e9m liberto, e que precisa dar outra fun\u00e7\u00e3o ao corpo que at\u00e9 ent\u00e3o \u00e9 somente instrumento de trabalho. Por isso a rela\u00e7\u00e3o estreita entre m\u00fasica e dan\u00e7a na cultura de origem africana, al\u00e9m do fato de ter a s\u00edncopa como principal caracter\u00edstica da constru\u00e7\u00e3o t\u00e9cnica-musical, derivada da percuss\u00e3o marcadora do ritmo. (leia mais em: <a href=\"https:\/\/sambacarioca.com.br\/samba\/historia-do-samba\/\">hist\u00f3ria do samba<\/a>).\u00a0<\/span><\/p>\n<p><span style=\"color: #000000;\">A malandragem e os morros cariocas deram aos pagodes, e na d\u00e9cada de 1970, o termo estava muito associado a festas em casas, geralmente nos fundos de quintais, e quadras dos sub\u00farbios cariocas e de favelas e nos cal\u00e7ad\u00f5es de bares do Centro do Rio, regadas a bebida e com muito samba.<\/span><\/p>\n<figure id=\"attachment_411\" aria-describedby=\"caption-attachment-411\" style=\"width: 300px\" class=\"wp-caption alignleft\"><a style=\"color: #000000;\" href=\"https:\/\/sambacarioca.com.br\/samba\/wp-content\/uploads\/2015\/11\/historia-do-pagde.jpg\"><img loading=\"lazy\" decoding=\"async\" class=\"wp-image-411 size-medium\" src=\"https:\/\/sambacarioca.com.br\/samba\/wp-content\/uploads\/2015\/11\/historia-do-pagde-300x166.jpg\" alt=\"Hist\u00f3ria do pagode. Arlindo Cruz, Almir Guineto e Zeca Pagodinho\" width=\"300\" height=\"166\" srcset=\"https:\/\/sambacarioca.com.br\/samba\/wp-content\/uploads\/2015\/11\/historia-do-pagde-300x166.jpg 300w, https:\/\/sambacarioca.com.br\/samba\/wp-content\/uploads\/2015\/11\/historia-do-pagde.jpg 660w\" sizes=\"auto, (max-width: 300px) 100vw, 300px\" \/><\/a><figcaption id=\"caption-attachment-411\" class=\"wp-caption-text\"><span style=\"font-size: 10pt; color: #000000;\"><strong>Arlindo Cruz, Almir Guineto e Zeca Pagodinho durante o 25\u00ba Pr\u00eamio da M\u00fasica Brasileira<\/strong>. <span style=\"font-size: 8pt;\">Foto: Reginaldo Teixeira<\/span><\/span><\/figcaption><\/figure>\n<p><span style=\"color: #000000;\">O pagode, como manifesta\u00e7\u00e3o cultural, apareceu nos meios de comunica\u00e7\u00e3o somente em 1978, quando os cantores Tim Maia e Beth Carvalho foram visitar a quadra do Cacique de Ramos, um bloco carnavalesco do bairro de Ramos, no sub\u00farbio carioca. <\/span><\/p>\n<p><span style=\"color: #000000;\">O bloco era uma popular reduto de sambistas an\u00f4nimos e jogadores de futebol, que se reuniam aos finais de semana para comer, beber e cantar. A convite do ex-jogador de futebol Alcir Portela, Beth Carvalho foi conhecer um grupo de sambistas conhecidos como Fundo de Quintal, um grupo que tinha entre um de seus vocalistas Almir Guineto, ex-diretor de bateria da escola de samba Unidos do Salgueiro.<\/span><\/p>\n<p><span style=\"color: #000000;\">O Fundo de Quintal fazia um samba diferente, misturado com outros ritmos africanos n\u00e3o t\u00e3o difundidos e que tinha uma sonoridade nova, com a introdu\u00e7\u00e3o de instrumentos como banjo com bra\u00e7o de cavaquinho (criado por Almir Guineto) e o repique de m\u00e3o (criado pelo m\u00fasico Ubirany) e a substitui\u00e7\u00e3o do surdo pelo tant\u00e3 (criado pelo m\u00fasico e compositor Sereno).<\/span><\/p>\n<p><span style=\"color: #000000;\">Beth gostou daquele samba feito no Cacique de Ramos e come\u00e7ou a gravar composi\u00e7\u00f5es desses novos sambistas, ajudando a revelar nomes como Zeca Pagodinho, Jorge Arag\u00e3o, Almir Guineto e o Fundo de Quintal.<\/span><\/p>\n<h3><span style=\"color: #000000;\"><span style=\"color: #808080;\">Hist\u00f3ria do Pagode:<\/span> florescia mais um &#8216;filho&#8217; do samba<\/span><\/h3>\n<p><span style=\"color: #000000;\">Com boa aceita\u00e7\u00e3o de p\u00fablico aos &#8220;pagodes&#8221; gravados por Beth Carvalho, outros come\u00e7aram a ser gravados no in\u00edcio da d\u00e9cada de 1980, e os pr\u00f3prios sambistas revelados pela cantora passaram a ser lan\u00e7ados e difundidos nas emissoras de r\u00e1dio e canais de televis\u00e3o pela ind\u00fastria fonogr\u00e1fica. Desta forma, se consolidava um novo estilo musical dentro do samba.<\/span><\/p>\n<figure id=\"attachment_595\" aria-describedby=\"caption-attachment-595\" style=\"width: 300px\" class=\"wp-caption alignright\"><a href=\"https:\/\/sambacarioca.com.br\/samba\/wp-content\/uploads\/2015\/11\/almir-guineto.jpg\"><img loading=\"lazy\" decoding=\"async\" class=\"wp-image-595 size-medium\" src=\"https:\/\/sambacarioca.com.br\/samba\/wp-content\/uploads\/2015\/11\/almir-guineto-300x166.jpg\" alt=\"Almir Guineto. Hist\u00f3ria do Pagode\" width=\"300\" height=\"166\" srcset=\"https:\/\/sambacarioca.com.br\/samba\/wp-content\/uploads\/2015\/11\/almir-guineto-300x166.jpg 300w, https:\/\/sambacarioca.com.br\/samba\/wp-content\/uploads\/2015\/11\/almir-guineto.jpg 660w\" sizes=\"auto, (max-width: 300px) 100vw, 300px\" \/><\/a><figcaption id=\"caption-attachment-595\" class=\"wp-caption-text\"><span style=\"font-size: 10pt; color: #000000;\"><strong>Almir Guineto.<\/strong> Hist\u00f3ria do Pagode<\/span><\/figcaption><\/figure>\n<p><span style=\"color: #000000;\">No final daquela d\u00e9cada, nasceria uma nova vertente dentro do pagode, que se popularizaria na d\u00e9cada seguinte. Estimuladas por necessidades comerciais, a ind\u00fastria fonogr\u00e1fica avalizou a grava\u00e7\u00e3o de pagodes com uma roupagem mais &#8220;adocicada&#8221; tanto na letra, mas principalmente na harmonia, que ficou bastante modificada pelos constantes acordes sintetizados dos teclados eletr\u00f4nicos, os quais resultam em um som com uma roupagem muito mais pop. Foi o caso do sucesso &#8220;Parab\u00e9ns Pra Voc\u00ea&#8221;, do Grupo Fundo de Quintal.<\/span><\/p>\n<h6><span style=\"font-size: 12pt;\"><strong>Conclus\u00e3o:\u00a0<span style=\"color: #000000;\"><span style=\"color: #808080;\">Hist\u00f3ria do Pagode<\/span><\/span><\/strong><\/span><\/h6>\n<p><span style=\"color: #000000;\">Ao mesmo tempo, determinados grupos, oriundos principalmente dos sub\u00farbios paulistanos, come\u00e7aram a adaptar coreografias e roupas de conjuntos vocais estadunidenses (como <em>The Temptations, The Stylistics, Take 6<\/em>) sob uma base r\u00edtmica pr\u00f3xima ao pagode como se conhecia at\u00e9 ent\u00e3o, mas completamente diferentemente dos trabalhos de cantores como Bezerra da Silva e Zeca Pagodinho.<\/span><\/p>\n<p><span style=\"color: #000000;\">As gravadoras apostaram com for\u00e7a nessa vertente mais &#8220;a\u00e7ucarada&#8221; de pagode injetada por letras rom\u00e2nticas e instrumentos eletr\u00f4nicos (at\u00e9 ent\u00e3o praticamente alheios ao samba), pois viam nesse novo pagode um grande potencial para ser tocado em grandes concertos e competir com os artistas sertanejos populares daquele momento. A partir dessas modifica\u00e7\u00f5es, nasceu o pagode rom\u00e2ntico, um estilo de pagode muito distante de suas originais fei\u00e7\u00f5es, embora tenha se tornado t\u00e3o ou mais popular do que o pagode original.<\/span><\/p>\n<p style=\"text-align: right;\"><span style=\"font-size: 10pt; color: #000000;\">fonte: Wikipedia.org<\/span><\/p>\n","protected":false},"excerpt":{"rendered":"<p>Hist\u00f3ria do Pagode: O pagode \u00e9 um g\u00eanero musical nascido do samba. A Hist\u00f3ria do Pagode tem suas origens no Rio de Janeiro entre o final da d\u00e9cada de 1970 e in\u00edcio da d\u00e9cada de 1980, a partir da tradi\u00e7\u00e3o das rodas de samba feitas nos &#8220;fundos de quintal&#8221;. O termo &#8220;pagode&#8221; est\u00e1 presente na [&hellip;]<\/p>\n","protected":false},"author":1,"featured_media":411,"comment_status":"closed","ping_status":"closed","sticky":false,"template":"","format":"standard","meta":{"_jetpack_memberships_contains_paid_content":false,"footnotes":""},"categories":[6,9],"tags":[],"class_list":["post-404","post","type-post","status-publish","format-standard","has-post-thumbnail","hentry","category-historia","category-pagode"],"yoast_head":"<!-- This site is optimized with the Yoast SEO plugin v27.4 - https:\/\/yoast.com\/product\/yoast-seo-wordpress\/ -->\n<title>Hist\u00f3ria do Pagode - Estilo de samba carioca<\/title>\n<meta name=\"description\" content=\"O pagode \u00e9 um estilo de samba com origens no Rio de Janeiro entre o final da d\u00e9cada de 1970 e in\u00edcio da d\u00e9cada de 1980 a partir do samba. Hist\u00f3ria do Pagode\" \/>\n<meta name=\"robots\" content=\"index, follow, max-snippet:-1, max-image-preview:large, max-video-preview:-1\" \/>\n<link rel=\"canonical\" href=\"https:\/\/sambacarioca.com.br\/samba\/historia-do-pagode\/\" \/>\n<meta property=\"og:locale\" content=\"pt_BR\" \/>\n<meta property=\"og:type\" content=\"article\" \/>\n<meta property=\"og:title\" content=\"Hist\u00f3ria do Pagode - Estilo de samba carioca\" \/>\n<meta property=\"og:description\" content=\"O pagode \u00e9 um estilo de samba com origens no Rio de Janeiro entre o final da d\u00e9cada de 1970 e in\u00edcio da d\u00e9cada de 1980 a partir do samba. Hist\u00f3ria do Pagode\" \/>\n<meta property=\"og:url\" content=\"https:\/\/sambacarioca.com.br\/samba\/historia-do-pagode\/\" \/>\n<meta property=\"og:site_name\" content=\"Samba Carioca\" \/>\n<meta property=\"article:published_time\" content=\"2015-11-10T15:12:05+00:00\" \/>\n<meta property=\"og:image\" content=\"https:\/\/sambacarioca.com.br\/samba\/wp-content\/uploads\/2015\/11\/historia-do-pagde.jpg\" \/>\n\t<meta property=\"og:image:width\" content=\"660\" \/>\n\t<meta property=\"og:image:height\" content=\"365\" \/>\n\t<meta property=\"og:image:type\" content=\"image\/jpeg\" \/>\n<meta name=\"author\" content=\"pozzana\" \/>\n<meta name=\"twitter:card\" content=\"summary_large_image\" \/>\n<meta name=\"twitter:label1\" content=\"Escrito por\" \/>\n\t<meta name=\"twitter:data1\" content=\"pozzana\" \/>\n\t<meta name=\"twitter:label2\" content=\"Est. tempo de leitura\" \/>\n\t<meta name=\"twitter:data2\" content=\"5 minutos\" \/>\n<script type=\"application\/ld+json\" class=\"yoast-schema-graph\">{\"@context\":\"https:\\\/\\\/schema.org\",\"@graph\":[{\"@type\":\"Article\",\"@id\":\"https:\\\/\\\/sambacarioca.com.br\\\/samba\\\/historia-do-pagode\\\/#article\",\"isPartOf\":{\"@id\":\"https:\\\/\\\/sambacarioca.com.br\\\/samba\\\/historia-do-pagode\\\/\"},\"author\":{\"name\":\"pozzana\",\"@id\":\"https:\\\/\\\/sambacarioca.com.br\\\/samba\\\/#\\\/schema\\\/person\\\/42e9b7e075f1d5fa2249ffe5642dac8a\"},\"headline\":\"Hist\u00f3ria do Pagode\",\"datePublished\":\"2015-11-10T15:12:05+00:00\",\"mainEntityOfPage\":{\"@id\":\"https:\\\/\\\/sambacarioca.com.br\\\/samba\\\/historia-do-pagode\\\/\"},\"wordCount\":1023,\"image\":{\"@id\":\"https:\\\/\\\/sambacarioca.com.br\\\/samba\\\/historia-do-pagode\\\/#primaryimage\"},\"thumbnailUrl\":\"https:\\\/\\\/sambacarioca.com.br\\\/samba\\\/wp-content\\\/uploads\\\/2015\\\/11\\\/historia-do-pagde.jpg\",\"articleSection\":[\"Hist\u00f3ria\",\"Pagode\"],\"inLanguage\":\"pt-BR\"},{\"@type\":\"WebPage\",\"@id\":\"https:\\\/\\\/sambacarioca.com.br\\\/samba\\\/historia-do-pagode\\\/\",\"url\":\"https:\\\/\\\/sambacarioca.com.br\\\/samba\\\/historia-do-pagode\\\/\",\"name\":\"Hist\u00f3ria do Pagode - Estilo de samba carioca\",\"isPartOf\":{\"@id\":\"https:\\\/\\\/sambacarioca.com.br\\\/samba\\\/#website\"},\"primaryImageOfPage\":{\"@id\":\"https:\\\/\\\/sambacarioca.com.br\\\/samba\\\/historia-do-pagode\\\/#primaryimage\"},\"image\":{\"@id\":\"https:\\\/\\\/sambacarioca.com.br\\\/samba\\\/historia-do-pagode\\\/#primaryimage\"},\"thumbnailUrl\":\"https:\\\/\\\/sambacarioca.com.br\\\/samba\\\/wp-content\\\/uploads\\\/2015\\\/11\\\/historia-do-pagde.jpg\",\"datePublished\":\"2015-11-10T15:12:05+00:00\",\"author\":{\"@id\":\"https:\\\/\\\/sambacarioca.com.br\\\/samba\\\/#\\\/schema\\\/person\\\/42e9b7e075f1d5fa2249ffe5642dac8a\"},\"description\":\"O pagode \u00e9 um estilo de samba com origens no Rio de Janeiro entre o final da d\u00e9cada de 1970 e in\u00edcio da d\u00e9cada de 1980 a partir do samba. Hist\u00f3ria do Pagode\",\"breadcrumb\":{\"@id\":\"https:\\\/\\\/sambacarioca.com.br\\\/samba\\\/historia-do-pagode\\\/#breadcrumb\"},\"inLanguage\":\"pt-BR\",\"potentialAction\":[{\"@type\":\"ReadAction\",\"target\":[\"https:\\\/\\\/sambacarioca.com.br\\\/samba\\\/historia-do-pagode\\\/\"]}]},{\"@type\":\"ImageObject\",\"inLanguage\":\"pt-BR\",\"@id\":\"https:\\\/\\\/sambacarioca.com.br\\\/samba\\\/historia-do-pagode\\\/#primaryimage\",\"url\":\"https:\\\/\\\/sambacarioca.com.br\\\/samba\\\/wp-content\\\/uploads\\\/2015\\\/11\\\/historia-do-pagde.jpg\",\"contentUrl\":\"https:\\\/\\\/sambacarioca.com.br\\\/samba\\\/wp-content\\\/uploads\\\/2015\\\/11\\\/historia-do-pagde.jpg\",\"width\":660,\"height\":365,\"caption\":\"Arlindo Cruz, Almir Guineto e Zeca Pagodinho durante o 25\u00ba Pr\u00eamio da M\u00fasica Brasileira. Foto: Reginaldo Teixeira\"},{\"@type\":\"BreadcrumbList\",\"@id\":\"https:\\\/\\\/sambacarioca.com.br\\\/samba\\\/historia-do-pagode\\\/#breadcrumb\",\"itemListElement\":[{\"@type\":\"ListItem\",\"position\":1,\"name\":\"In\u00edcio\",\"item\":\"https:\\\/\\\/sambacarioca.com.br\\\/samba\\\/\"},{\"@type\":\"ListItem\",\"position\":2,\"name\":\"Hist\u00f3ria do Pagode\"}]},{\"@type\":\"WebSite\",\"@id\":\"https:\\\/\\\/sambacarioca.com.br\\\/samba\\\/#website\",\"url\":\"https:\\\/\\\/sambacarioca.com.br\\\/samba\\\/\",\"name\":\"Samba Carioca\",\"description\":\"\",\"potentialAction\":[{\"@type\":\"SearchAction\",\"target\":{\"@type\":\"EntryPoint\",\"urlTemplate\":\"https:\\\/\\\/sambacarioca.com.br\\\/samba\\\/?s={search_term_string}\"},\"query-input\":{\"@type\":\"PropertyValueSpecification\",\"valueRequired\":true,\"valueName\":\"search_term_string\"}}],\"inLanguage\":\"pt-BR\"},{\"@type\":\"Person\",\"@id\":\"https:\\\/\\\/sambacarioca.com.br\\\/samba\\\/#\\\/schema\\\/person\\\/42e9b7e075f1d5fa2249ffe5642dac8a\",\"name\":\"pozzana\",\"image\":{\"@type\":\"ImageObject\",\"inLanguage\":\"pt-BR\",\"@id\":\"https:\\\/\\\/secure.gravatar.com\\\/avatar\\\/fa8f924c29488a329bd70373453572f7494e802125f373a7f2937173cc26b21f?s=96&d=mm&r=g\",\"url\":\"https:\\\/\\\/secure.gravatar.com\\\/avatar\\\/fa8f924c29488a329bd70373453572f7494e802125f373a7f2937173cc26b21f?s=96&d=mm&r=g\",\"contentUrl\":\"https:\\\/\\\/secure.gravatar.com\\\/avatar\\\/fa8f924c29488a329bd70373453572f7494e802125f373a7f2937173cc26b21f?s=96&d=mm&r=g\",\"caption\":\"pozzana\"},\"sameAs\":[\"http:\\\/\\\/sambacarioca.com.br\\\/samba\"],\"url\":\"https:\\\/\\\/sambacarioca.com.br\\\/samba\\\/author\\\/pozzana\\\/\"}]}<\/script>\n<!-- \/ Yoast SEO plugin. -->","yoast_head_json":{"title":"Hist\u00f3ria do Pagode - Estilo de samba carioca","description":"O pagode \u00e9 um estilo de samba com origens no Rio de Janeiro entre o final da d\u00e9cada de 1970 e in\u00edcio da d\u00e9cada de 1980 a partir do samba. Hist\u00f3ria do Pagode","robots":{"index":"index","follow":"follow","max-snippet":"max-snippet:-1","max-image-preview":"max-image-preview:large","max-video-preview":"max-video-preview:-1"},"canonical":"https:\/\/sambacarioca.com.br\/samba\/historia-do-pagode\/","og_locale":"pt_BR","og_type":"article","og_title":"Hist\u00f3ria do Pagode - Estilo de samba carioca","og_description":"O pagode \u00e9 um estilo de samba com origens no Rio de Janeiro entre o final da d\u00e9cada de 1970 e in\u00edcio da d\u00e9cada de 1980 a partir do samba. Hist\u00f3ria do Pagode","og_url":"https:\/\/sambacarioca.com.br\/samba\/historia-do-pagode\/","og_site_name":"Samba Carioca","article_published_time":"2015-11-10T15:12:05+00:00","og_image":[{"width":660,"height":365,"url":"https:\/\/sambacarioca.com.br\/samba\/wp-content\/uploads\/2015\/11\/historia-do-pagde.jpg","type":"image\/jpeg"}],"author":"pozzana","twitter_card":"summary_large_image","twitter_misc":{"Escrito por":"pozzana","Est. tempo de leitura":"5 minutos"},"schema":{"@context":"https:\/\/schema.org","@graph":[{"@type":"Article","@id":"https:\/\/sambacarioca.com.br\/samba\/historia-do-pagode\/#article","isPartOf":{"@id":"https:\/\/sambacarioca.com.br\/samba\/historia-do-pagode\/"},"author":{"name":"pozzana","@id":"https:\/\/sambacarioca.com.br\/samba\/#\/schema\/person\/42e9b7e075f1d5fa2249ffe5642dac8a"},"headline":"Hist\u00f3ria do Pagode","datePublished":"2015-11-10T15:12:05+00:00","mainEntityOfPage":{"@id":"https:\/\/sambacarioca.com.br\/samba\/historia-do-pagode\/"},"wordCount":1023,"image":{"@id":"https:\/\/sambacarioca.com.br\/samba\/historia-do-pagode\/#primaryimage"},"thumbnailUrl":"https:\/\/sambacarioca.com.br\/samba\/wp-content\/uploads\/2015\/11\/historia-do-pagde.jpg","articleSection":["Hist\u00f3ria","Pagode"],"inLanguage":"pt-BR"},{"@type":"WebPage","@id":"https:\/\/sambacarioca.com.br\/samba\/historia-do-pagode\/","url":"https:\/\/sambacarioca.com.br\/samba\/historia-do-pagode\/","name":"Hist\u00f3ria do Pagode - Estilo de samba carioca","isPartOf":{"@id":"https:\/\/sambacarioca.com.br\/samba\/#website"},"primaryImageOfPage":{"@id":"https:\/\/sambacarioca.com.br\/samba\/historia-do-pagode\/#primaryimage"},"image":{"@id":"https:\/\/sambacarioca.com.br\/samba\/historia-do-pagode\/#primaryimage"},"thumbnailUrl":"https:\/\/sambacarioca.com.br\/samba\/wp-content\/uploads\/2015\/11\/historia-do-pagde.jpg","datePublished":"2015-11-10T15:12:05+00:00","author":{"@id":"https:\/\/sambacarioca.com.br\/samba\/#\/schema\/person\/42e9b7e075f1d5fa2249ffe5642dac8a"},"description":"O pagode \u00e9 um estilo de samba com origens no Rio de Janeiro entre o final da d\u00e9cada de 1970 e in\u00edcio da d\u00e9cada de 1980 a partir do samba. Hist\u00f3ria do Pagode","breadcrumb":{"@id":"https:\/\/sambacarioca.com.br\/samba\/historia-do-pagode\/#breadcrumb"},"inLanguage":"pt-BR","potentialAction":[{"@type":"ReadAction","target":["https:\/\/sambacarioca.com.br\/samba\/historia-do-pagode\/"]}]},{"@type":"ImageObject","inLanguage":"pt-BR","@id":"https:\/\/sambacarioca.com.br\/samba\/historia-do-pagode\/#primaryimage","url":"https:\/\/sambacarioca.com.br\/samba\/wp-content\/uploads\/2015\/11\/historia-do-pagde.jpg","contentUrl":"https:\/\/sambacarioca.com.br\/samba\/wp-content\/uploads\/2015\/11\/historia-do-pagde.jpg","width":660,"height":365,"caption":"Arlindo Cruz, Almir Guineto e Zeca Pagodinho durante o 25\u00ba Pr\u00eamio da M\u00fasica Brasileira. Foto: Reginaldo Teixeira"},{"@type":"BreadcrumbList","@id":"https:\/\/sambacarioca.com.br\/samba\/historia-do-pagode\/#breadcrumb","itemListElement":[{"@type":"ListItem","position":1,"name":"In\u00edcio","item":"https:\/\/sambacarioca.com.br\/samba\/"},{"@type":"ListItem","position":2,"name":"Hist\u00f3ria do Pagode"}]},{"@type":"WebSite","@id":"https:\/\/sambacarioca.com.br\/samba\/#website","url":"https:\/\/sambacarioca.com.br\/samba\/","name":"Samba Carioca","description":"","potentialAction":[{"@type":"SearchAction","target":{"@type":"EntryPoint","urlTemplate":"https:\/\/sambacarioca.com.br\/samba\/?s={search_term_string}"},"query-input":{"@type":"PropertyValueSpecification","valueRequired":true,"valueName":"search_term_string"}}],"inLanguage":"pt-BR"},{"@type":"Person","@id":"https:\/\/sambacarioca.com.br\/samba\/#\/schema\/person\/42e9b7e075f1d5fa2249ffe5642dac8a","name":"pozzana","image":{"@type":"ImageObject","inLanguage":"pt-BR","@id":"https:\/\/secure.gravatar.com\/avatar\/fa8f924c29488a329bd70373453572f7494e802125f373a7f2937173cc26b21f?s=96&d=mm&r=g","url":"https:\/\/secure.gravatar.com\/avatar\/fa8f924c29488a329bd70373453572f7494e802125f373a7f2937173cc26b21f?s=96&d=mm&r=g","contentUrl":"https:\/\/secure.gravatar.com\/avatar\/fa8f924c29488a329bd70373453572f7494e802125f373a7f2937173cc26b21f?s=96&d=mm&r=g","caption":"pozzana"},"sameAs":["http:\/\/sambacarioca.com.br\/samba"],"url":"https:\/\/sambacarioca.com.br\/samba\/author\/pozzana\/"}]}},"jetpack_featured_media_url":"https:\/\/sambacarioca.com.br\/samba\/wp-content\/uploads\/2015\/11\/historia-do-pagde.jpg","jetpack_sharing_enabled":true,"_links":{"self":[{"href":"https:\/\/sambacarioca.com.br\/samba\/wp-json\/wp\/v2\/posts\/404","targetHints":{"allow":["GET"]}}],"collection":[{"href":"https:\/\/sambacarioca.com.br\/samba\/wp-json\/wp\/v2\/posts"}],"about":[{"href":"https:\/\/sambacarioca.com.br\/samba\/wp-json\/wp\/v2\/types\/post"}],"author":[{"embeddable":true,"href":"https:\/\/sambacarioca.com.br\/samba\/wp-json\/wp\/v2\/users\/1"}],"replies":[{"embeddable":true,"href":"https:\/\/sambacarioca.com.br\/samba\/wp-json\/wp\/v2\/comments?post=404"}],"version-history":[{"count":0,"href":"https:\/\/sambacarioca.com.br\/samba\/wp-json\/wp\/v2\/posts\/404\/revisions"}],"wp:featuredmedia":[{"embeddable":true,"href":"https:\/\/sambacarioca.com.br\/samba\/wp-json\/wp\/v2\/media\/411"}],"wp:attachment":[{"href":"https:\/\/sambacarioca.com.br\/samba\/wp-json\/wp\/v2\/media?parent=404"}],"wp:term":[{"taxonomy":"category","embeddable":true,"href":"https:\/\/sambacarioca.com.br\/samba\/wp-json\/wp\/v2\/categories?post=404"},{"taxonomy":"post_tag","embeddable":true,"href":"https:\/\/sambacarioca.com.br\/samba\/wp-json\/wp\/v2\/tags?post=404"}],"curies":[{"name":"wp","href":"https:\/\/api.w.org\/{rel}","templated":true}]}}