{"id":622,"date":"2015-11-28T09:12:51","date_gmt":"2015-11-28T09:12:51","guid":{"rendered":"http:\/\/sambacarioca.com.br\/samba\/?p=622"},"modified":"2015-11-28T09:12:51","modified_gmt":"2015-11-28T09:12:51","slug":"bezerra-da-silva-canta-pai-veio","status":"publish","type":"post","link":"https:\/\/sambacarioca.com.br\/samba\/bezerra-da-silva-canta-pai-veio\/","title":{"rendered":"Bezerra da Silva canta Pai V\u00e9io"},"content":{"rendered":"<p><strong><span style=\"color: #808080;\">Bezerra da Silva canta Pai V\u00e9io<\/span>:<\/strong> <span style=\"color: #000000;\">Bezerra da Silva canta com seu\u00a0humor caracter\u00edstico a m\u00fasica &#8216;Pai V\u00e9io&#8217;.<\/span><\/p>\n<p><iframe loading=\"lazy\" title=\"Bezerra da Silva - &quot;Pai V\u00e9io&quot; (clipe 1983)\" width=\"500\" height=\"375\" src=\"https:\/\/www.youtube.com\/embed\/waELBI0jNjo?feature=oembed\" frameborder=\"0\" allow=\"accelerometer; autoplay; clipboard-write; encrypted-media; gyroscope; picture-in-picture; web-share\" referrerpolicy=\"strict-origin-when-cross-origin\" allowfullscreen><\/iframe><\/p>\n<h2 style=\"text-align: center;\"><span style=\"font-family: 'courier new', courier, monospace;\">Bezerra da Silva canta Pai V\u00e9io<\/span><\/h2>\n<h3><span style=\"color: #000000;\"><span style=\"color: #808080;\">Bezerra da Silva canta<\/span> Pai V\u00e9io 171 &#8211; Bezerra da Silva<\/span><\/h3>\n<p><span style=\"color: #000000;\">Qu\u00e9 fal\u00e1 com pai v\u00e9io vem agora<\/span><br \/>\n<span style=\"color: #000000;\"> Porque pai v\u00e9io j\u00e1 qu\u00e9 ir se embora<\/span><br \/>\n<span style=\"color: #000000;\"> Qu\u00e9 fal\u00e1 com pai v\u00e9io vem agora<\/span><br \/>\n<span style=\"color: #000000;\"> Porque pai v\u00e9io j\u00e1 qu\u00e9 ir se embora<\/span><\/p>\n<p><span style=\"color: #000000;\">Ih mai meu fio t\u00e1 todo macumbado<\/span><br \/>\n<span style=\"color: #000000;\"> As piranhas est\u00e3o te devorando<\/span><br \/>\n<span style=\"color: #000000;\"> N\u00e3o tem um lugar nem pr\u00e1 dormir<\/span><br \/>\n<span style=\"color: #000000;\"> E ainda meu fio mora andando<\/span><br \/>\n<span style=\"color: #000000;\"> Escute o que o v\u00e9io vai fal\u00e1<\/span><br \/>\n<span style=\"color: #000000;\"> E num <em>pap\u00e9<\/em> t\u00fa vai <em>iscrivinhando<\/em><\/span><\/p>\n<p><span style=\"color: #000000;\">Qu\u00e9 fal\u00e1 com pai v\u00e9io vem agora<\/span><br \/>\n<span style=\"color: #000000;\"> Porque pai v\u00e9io j\u00e1 qu\u00e9 ir se embora<\/span><br \/>\n<span style=\"color: #000000;\"> Qu\u00e9 fal\u00e1 com pai v\u00e9io vem agora<\/span><br \/>\n<span style=\"color: #000000;\"> Porque pai v\u00e9io j\u00e1 qu\u00e9 ir se embora<\/span><\/p>\n<p><span style=\"color: #000000;\">Ih, mai me traga oito quilo di feij\u00e3o<\/span><br \/>\n<span style=\"color: #000000;\"> Deis galinha bem gorda e bem pelada<\/span><br \/>\n<span style=\"color: #000000;\"> Deis quilo de arroz e macarr\u00e3o<\/span><br \/>\n<span style=\"color: #000000;\"> E deis lata de doce de marmelada<\/span><br \/>\n<span style=\"color: #000000;\"> Deis garrafa de vinho do bonz\u00e3o<\/span><br \/>\n<span style=\"color: #000000;\"> Que a tua mironga t\u00e1 curada<\/span><\/p>\n<p><span style=\"color: #000000;\"><strong>Jos\u00e9 Bezerra da Silva<\/strong> (Recife, 23 de fevereiro de 1927 \u2014 Rio de Janeiro, 17 de janeiro de 2005) foi um cantor, compositor, violonista, percussionista e int\u00e9rprete brasileiro dos g\u00eaneros musical coco e samba, em especial de partido-alto.<\/span><\/p>\n<figure id=\"attachment_624\" aria-describedby=\"caption-attachment-624\" style=\"width: 300px\" class=\"wp-caption alignright\"><img loading=\"lazy\" decoding=\"async\" class=\"wp-image-624 size-medium\" title=\"Bezerra da Silva canta Pai V\u00e9io\" src=\"https:\/\/sambacarioca.com.br\/samba\/wp-content\/uploads\/2015\/11\/Bezerra-da-Silva-Pai-V\u00e9io-300x166.jpg\" alt=\"Bezerra da Silva canta Pai V\u00e9io\" width=\"300\" height=\"166\" \/><figcaption id=\"caption-attachment-624\" class=\"wp-caption-text\"><span style=\"color: #000000; font-size: 10pt;\"><strong>Bezerra da Silva &#8211; Pai V\u00e9io<\/strong><\/span><\/figcaption><\/figure>\n<p><span style=\"color: #000000;\">No princ\u00edpio, dedicava-se a g\u00eaneros nordestinos, principalmente o coco at\u00e9 se transformar em um dos principais expoentes do samba nos anos seguintes. Atrav\u00e9s do samba, cantou sobre os problemas sociais encontrados dentro das comunidades, se apresentando no limite da marginalidade e da ind\u00fastria musical. Estudou viol\u00e3o cl\u00e1ssico por oito anos e passou outros oito anos tocando na orquestra da Rede Globo, sendo um dos poucos partideiros que lia partituras,<\/span><\/p>\n<p><span style=\"color: #000000;\">Gravou seu primeiro compacto em 1969 e o primeiro disco em 1975, de um total de 28 \u00e1lbuns lan\u00e7ados em toda a carreira que, somados, venderam mais de 3 milh\u00f5es de c\u00f3pias. Ganhou 11 discos de ouro, 3 de platina e 1 de platina duplo. Apesar de ter sido um dos artistas mais populares do Brasil, foi um artista bastante ignorado pelo &#8220;mainstream&#8221;.<\/span><\/p>\n<p><span style=\"color: #000000;\">A partir da s\u00e9rie Partido Alto Nota 10 come\u00e7ou a encontrar o p\u00fablico. O repert\u00f3rio dos discos passou a ser abastecido por autores an\u00f4nimos (alguns usando codinomes para preservar a clandestinidade) e Bezerra. Antes do Hip Hop brasileiro, ele passou a mostrar a sua realidade em m\u00fasicas como: &#8220;Malandragem D\u00e1 um Tempo&#8221;, &#8220;Sequestraram Minha Sogra&#8221;, &#8220;Defunto Caguete&#8221;, &#8220;Bicho Feroz&#8221;, &#8220;Overdose de Cocada&#8221;, &#8220;Malandro N\u00e3o Vacila&#8221;, &#8220;Meu Pir\u00e3o Primeiro&#8221;, &#8220;Lugar Macabro&#8221;, &#8220;Piranha&#8221;, &#8220;Pai V\u00e9io 171&#8221;, &#8220;Candidato Ca\u00f4 Ca\u00f4&#8221;. Em 1995 gravou pela gravadora CID &#8220;Moreira da Silva, Bezerra da Silva e Dicr\u00f3: Os Tr\u00eas Malandros In Concert&#8221;, uma par\u00f3dia ao show dos tr\u00eas tenores, Luciano Pavarotti, Pl\u00e1cido Domingo e Jos\u00e9 Carreras.<\/span><\/p>\n","protected":false},"excerpt":{"rendered":"<p>Bezerra da Silva canta Pai V\u00e9io: Bezerra da Silva canta com seu\u00a0humor caracter\u00edstico a m\u00fasica &#8216;Pai V\u00e9io&#8217;. Bezerra da Silva canta Pai V\u00e9io Bezerra da Silva canta Pai V\u00e9io 171 &#8211; Bezerra da Silva Qu\u00e9 fal\u00e1 com pai v\u00e9io vem agora Porque pai v\u00e9io j\u00e1 qu\u00e9 ir se embora Qu\u00e9 fal\u00e1 com pai v\u00e9io vem [&hellip;]<\/p>\n","protected":false},"author":1,"featured_media":624,"comment_status":"closed","ping_status":"closed","sticky":false,"template":"","format":"video","meta":{"_jetpack_memberships_contains_paid_content":false,"footnotes":""},"categories":[14],"tags":[30],"class_list":["post-622","post","type-post","status-publish","format-video","has-post-thumbnail","hentry","category-videos","tag-bezerra-da-silva","post_format-post-format-video"],"yoast_head":"<!-- This site is optimized with the Yoast SEO plugin v27.4 - https:\/\/yoast.com\/product\/yoast-seo-wordpress\/ -->\n<title>Bezerra da Silva canta Pai V\u00e9io - Samba Carioca<\/title>\n<meta name=\"description\" content=\"Bezerra da Silva canta Pai V\u00e9io em clipe de 1983.\u00a0Bezerra da Silva canta com seu\u00a0humor caracter\u00edstico a m\u00fasica &#039;Pai V\u00e9io&#039;\u00a0em clipe de 1983.\" \/>\n<meta name=\"robots\" content=\"index, follow, max-snippet:-1, max-image-preview:large, max-video-preview:-1\" \/>\n<link rel=\"canonical\" href=\"https:\/\/sambacarioca.com.br\/samba\/bezerra-da-silva-canta-pai-veio\/\" \/>\n<meta property=\"og:locale\" content=\"pt_BR\" \/>\n<meta property=\"og:type\" content=\"article\" \/>\n<meta property=\"og:title\" content=\"Bezerra da Silva canta Pai V\u00e9io - Samba Carioca\" \/>\n<meta property=\"og:description\" content=\"Bezerra da Silva canta Pai V\u00e9io em clipe de 1983.\u00a0Bezerra da Silva canta com seu\u00a0humor caracter\u00edstico a m\u00fasica &#039;Pai V\u00e9io&#039;\u00a0em clipe de 1983.\" \/>\n<meta property=\"og:url\" content=\"https:\/\/sambacarioca.com.br\/samba\/bezerra-da-silva-canta-pai-veio\/\" \/>\n<meta property=\"og:site_name\" content=\"Samba Carioca\" \/>\n<meta property=\"article:published_time\" content=\"2015-11-28T09:12:51+00:00\" \/>\n<meta property=\"og:image\" content=\"https:\/\/sambacarioca.com.br\/samba\/wp-content\/uploads\/2015\/11\/Bezerra-da-Silva-Pai-Veio.jpg\" \/>\n\t<meta property=\"og:image:width\" content=\"660\" \/>\n\t<meta property=\"og:image:height\" content=\"365\" \/>\n\t<meta property=\"og:image:type\" content=\"image\/jpeg\" \/>\n<meta name=\"author\" content=\"pozzana\" \/>\n<meta name=\"twitter:card\" content=\"summary_large_image\" \/>\n<meta name=\"twitter:label1\" content=\"Escrito por\" \/>\n\t<meta name=\"twitter:data1\" content=\"pozzana\" \/>\n\t<meta name=\"twitter:label2\" content=\"Est. tempo de leitura\" \/>\n\t<meta name=\"twitter:data2\" content=\"3 minutos\" \/>\n<script type=\"application\/ld+json\" class=\"yoast-schema-graph\">{\"@context\":\"https:\\\/\\\/schema.org\",\"@graph\":[{\"@type\":\"Article\",\"@id\":\"https:\\\/\\\/sambacarioca.com.br\\\/samba\\\/bezerra-da-silva-canta-pai-veio\\\/#article\",\"isPartOf\":{\"@id\":\"https:\\\/\\\/sambacarioca.com.br\\\/samba\\\/bezerra-da-silva-canta-pai-veio\\\/\"},\"author\":{\"name\":\"pozzana\",\"@id\":\"https:\\\/\\\/sambacarioca.com.br\\\/samba\\\/#\\\/schema\\\/person\\\/42e9b7e075f1d5fa2249ffe5642dac8a\"},\"headline\":\"Bezerra da Silva canta Pai V\u00e9io\",\"datePublished\":\"2015-11-28T09:12:51+00:00\",\"mainEntityOfPage\":{\"@id\":\"https:\\\/\\\/sambacarioca.com.br\\\/samba\\\/bezerra-da-silva-canta-pai-veio\\\/\"},\"wordCount\":510,\"image\":{\"@id\":\"https:\\\/\\\/sambacarioca.com.br\\\/samba\\\/bezerra-da-silva-canta-pai-veio\\\/#primaryimage\"},\"thumbnailUrl\":\"https:\\\/\\\/sambacarioca.com.br\\\/samba\\\/wp-content\\\/uploads\\\/2015\\\/11\\\/Bezerra-da-Silva-Pai-Veio.jpg\",\"keywords\":[\"Bezerra da Silva\"],\"articleSection\":[\"V\u00eddeos\"],\"inLanguage\":\"pt-BR\"},{\"@type\":\"WebPage\",\"@id\":\"https:\\\/\\\/sambacarioca.com.br\\\/samba\\\/bezerra-da-silva-canta-pai-veio\\\/\",\"url\":\"https:\\\/\\\/sambacarioca.com.br\\\/samba\\\/bezerra-da-silva-canta-pai-veio\\\/\",\"name\":\"Bezerra da Silva canta Pai V\u00e9io - Samba Carioca\",\"isPartOf\":{\"@id\":\"https:\\\/\\\/sambacarioca.com.br\\\/samba\\\/#website\"},\"primaryImageOfPage\":{\"@id\":\"https:\\\/\\\/sambacarioca.com.br\\\/samba\\\/bezerra-da-silva-canta-pai-veio\\\/#primaryimage\"},\"image\":{\"@id\":\"https:\\\/\\\/sambacarioca.com.br\\\/samba\\\/bezerra-da-silva-canta-pai-veio\\\/#primaryimage\"},\"thumbnailUrl\":\"https:\\\/\\\/sambacarioca.com.br\\\/samba\\\/wp-content\\\/uploads\\\/2015\\\/11\\\/Bezerra-da-Silva-Pai-Veio.jpg\",\"datePublished\":\"2015-11-28T09:12:51+00:00\",\"author\":{\"@id\":\"https:\\\/\\\/sambacarioca.com.br\\\/samba\\\/#\\\/schema\\\/person\\\/42e9b7e075f1d5fa2249ffe5642dac8a\"},\"description\":\"Bezerra da Silva canta Pai V\u00e9io em clipe de 1983.\u00a0Bezerra da Silva canta com seu\u00a0humor caracter\u00edstico a m\u00fasica 'Pai V\u00e9io'\u00a0em clipe de 1983.\",\"breadcrumb\":{\"@id\":\"https:\\\/\\\/sambacarioca.com.br\\\/samba\\\/bezerra-da-silva-canta-pai-veio\\\/#breadcrumb\"},\"inLanguage\":\"pt-BR\",\"potentialAction\":[{\"@type\":\"ReadAction\",\"target\":[\"https:\\\/\\\/sambacarioca.com.br\\\/samba\\\/bezerra-da-silva-canta-pai-veio\\\/\"]}]},{\"@type\":\"ImageObject\",\"inLanguage\":\"pt-BR\",\"@id\":\"https:\\\/\\\/sambacarioca.com.br\\\/samba\\\/bezerra-da-silva-canta-pai-veio\\\/#primaryimage\",\"url\":\"https:\\\/\\\/sambacarioca.com.br\\\/samba\\\/wp-content\\\/uploads\\\/2015\\\/11\\\/Bezerra-da-Silva-Pai-Veio.jpg\",\"contentUrl\":\"https:\\\/\\\/sambacarioca.com.br\\\/samba\\\/wp-content\\\/uploads\\\/2015\\\/11\\\/Bezerra-da-Silva-Pai-Veio.jpg\",\"width\":660,\"height\":365,\"caption\":\"Bezerra da Silva - Pai V\u00e9io\"},{\"@type\":\"BreadcrumbList\",\"@id\":\"https:\\\/\\\/sambacarioca.com.br\\\/samba\\\/bezerra-da-silva-canta-pai-veio\\\/#breadcrumb\",\"itemListElement\":[{\"@type\":\"ListItem\",\"position\":1,\"name\":\"In\u00edcio\",\"item\":\"https:\\\/\\\/sambacarioca.com.br\\\/samba\\\/\"},{\"@type\":\"ListItem\",\"position\":2,\"name\":\"Bezerra da Silva canta Pai V\u00e9io\"}]},{\"@type\":\"WebSite\",\"@id\":\"https:\\\/\\\/sambacarioca.com.br\\\/samba\\\/#website\",\"url\":\"https:\\\/\\\/sambacarioca.com.br\\\/samba\\\/\",\"name\":\"Samba Carioca\",\"description\":\"\",\"potentialAction\":[{\"@type\":\"SearchAction\",\"target\":{\"@type\":\"EntryPoint\",\"urlTemplate\":\"https:\\\/\\\/sambacarioca.com.br\\\/samba\\\/?s={search_term_string}\"},\"query-input\":{\"@type\":\"PropertyValueSpecification\",\"valueRequired\":true,\"valueName\":\"search_term_string\"}}],\"inLanguage\":\"pt-BR\"},{\"@type\":\"Person\",\"@id\":\"https:\\\/\\\/sambacarioca.com.br\\\/samba\\\/#\\\/schema\\\/person\\\/42e9b7e075f1d5fa2249ffe5642dac8a\",\"name\":\"pozzana\",\"image\":{\"@type\":\"ImageObject\",\"inLanguage\":\"pt-BR\",\"@id\":\"https:\\\/\\\/secure.gravatar.com\\\/avatar\\\/fa8f924c29488a329bd70373453572f7494e802125f373a7f2937173cc26b21f?s=96&d=mm&r=g\",\"url\":\"https:\\\/\\\/secure.gravatar.com\\\/avatar\\\/fa8f924c29488a329bd70373453572f7494e802125f373a7f2937173cc26b21f?s=96&d=mm&r=g\",\"contentUrl\":\"https:\\\/\\\/secure.gravatar.com\\\/avatar\\\/fa8f924c29488a329bd70373453572f7494e802125f373a7f2937173cc26b21f?s=96&d=mm&r=g\",\"caption\":\"pozzana\"},\"sameAs\":[\"http:\\\/\\\/sambacarioca.com.br\\\/samba\"],\"url\":\"https:\\\/\\\/sambacarioca.com.br\\\/samba\\\/author\\\/pozzana\\\/\"}]}<\/script>\n<!-- \/ Yoast SEO plugin. -->","yoast_head_json":{"title":"Bezerra da Silva canta Pai V\u00e9io - Samba Carioca","description":"Bezerra da Silva canta Pai V\u00e9io em clipe de 1983.\u00a0Bezerra da Silva canta com seu\u00a0humor caracter\u00edstico a m\u00fasica 'Pai V\u00e9io'\u00a0em clipe de 1983.","robots":{"index":"index","follow":"follow","max-snippet":"max-snippet:-1","max-image-preview":"max-image-preview:large","max-video-preview":"max-video-preview:-1"},"canonical":"https:\/\/sambacarioca.com.br\/samba\/bezerra-da-silva-canta-pai-veio\/","og_locale":"pt_BR","og_type":"article","og_title":"Bezerra da Silva canta Pai V\u00e9io - Samba Carioca","og_description":"Bezerra da Silva canta Pai V\u00e9io em clipe de 1983.\u00a0Bezerra da Silva canta com seu\u00a0humor caracter\u00edstico a m\u00fasica 'Pai V\u00e9io'\u00a0em clipe de 1983.","og_url":"https:\/\/sambacarioca.com.br\/samba\/bezerra-da-silva-canta-pai-veio\/","og_site_name":"Samba Carioca","article_published_time":"2015-11-28T09:12:51+00:00","og_image":[{"width":660,"height":365,"url":"https:\/\/sambacarioca.com.br\/samba\/wp-content\/uploads\/2015\/11\/Bezerra-da-Silva-Pai-Veio.jpg","type":"image\/jpeg"}],"author":"pozzana","twitter_card":"summary_large_image","twitter_misc":{"Escrito por":"pozzana","Est. tempo de leitura":"3 minutos"},"schema":{"@context":"https:\/\/schema.org","@graph":[{"@type":"Article","@id":"https:\/\/sambacarioca.com.br\/samba\/bezerra-da-silva-canta-pai-veio\/#article","isPartOf":{"@id":"https:\/\/sambacarioca.com.br\/samba\/bezerra-da-silva-canta-pai-veio\/"},"author":{"name":"pozzana","@id":"https:\/\/sambacarioca.com.br\/samba\/#\/schema\/person\/42e9b7e075f1d5fa2249ffe5642dac8a"},"headline":"Bezerra da Silva canta Pai V\u00e9io","datePublished":"2015-11-28T09:12:51+00:00","mainEntityOfPage":{"@id":"https:\/\/sambacarioca.com.br\/samba\/bezerra-da-silva-canta-pai-veio\/"},"wordCount":510,"image":{"@id":"https:\/\/sambacarioca.com.br\/samba\/bezerra-da-silva-canta-pai-veio\/#primaryimage"},"thumbnailUrl":"https:\/\/sambacarioca.com.br\/samba\/wp-content\/uploads\/2015\/11\/Bezerra-da-Silva-Pai-Veio.jpg","keywords":["Bezerra da Silva"],"articleSection":["V\u00eddeos"],"inLanguage":"pt-BR"},{"@type":"WebPage","@id":"https:\/\/sambacarioca.com.br\/samba\/bezerra-da-silva-canta-pai-veio\/","url":"https:\/\/sambacarioca.com.br\/samba\/bezerra-da-silva-canta-pai-veio\/","name":"Bezerra da Silva canta Pai V\u00e9io - Samba Carioca","isPartOf":{"@id":"https:\/\/sambacarioca.com.br\/samba\/#website"},"primaryImageOfPage":{"@id":"https:\/\/sambacarioca.com.br\/samba\/bezerra-da-silva-canta-pai-veio\/#primaryimage"},"image":{"@id":"https:\/\/sambacarioca.com.br\/samba\/bezerra-da-silva-canta-pai-veio\/#primaryimage"},"thumbnailUrl":"https:\/\/sambacarioca.com.br\/samba\/wp-content\/uploads\/2015\/11\/Bezerra-da-Silva-Pai-Veio.jpg","datePublished":"2015-11-28T09:12:51+00:00","author":{"@id":"https:\/\/sambacarioca.com.br\/samba\/#\/schema\/person\/42e9b7e075f1d5fa2249ffe5642dac8a"},"description":"Bezerra da Silva canta Pai V\u00e9io em clipe de 1983.\u00a0Bezerra da Silva canta com seu\u00a0humor caracter\u00edstico a m\u00fasica 'Pai V\u00e9io'\u00a0em clipe de 1983.","breadcrumb":{"@id":"https:\/\/sambacarioca.com.br\/samba\/bezerra-da-silva-canta-pai-veio\/#breadcrumb"},"inLanguage":"pt-BR","potentialAction":[{"@type":"ReadAction","target":["https:\/\/sambacarioca.com.br\/samba\/bezerra-da-silva-canta-pai-veio\/"]}]},{"@type":"ImageObject","inLanguage":"pt-BR","@id":"https:\/\/sambacarioca.com.br\/samba\/bezerra-da-silva-canta-pai-veio\/#primaryimage","url":"https:\/\/sambacarioca.com.br\/samba\/wp-content\/uploads\/2015\/11\/Bezerra-da-Silva-Pai-Veio.jpg","contentUrl":"https:\/\/sambacarioca.com.br\/samba\/wp-content\/uploads\/2015\/11\/Bezerra-da-Silva-Pai-Veio.jpg","width":660,"height":365,"caption":"Bezerra da Silva - Pai V\u00e9io"},{"@type":"BreadcrumbList","@id":"https:\/\/sambacarioca.com.br\/samba\/bezerra-da-silva-canta-pai-veio\/#breadcrumb","itemListElement":[{"@type":"ListItem","position":1,"name":"In\u00edcio","item":"https:\/\/sambacarioca.com.br\/samba\/"},{"@type":"ListItem","position":2,"name":"Bezerra da Silva canta Pai V\u00e9io"}]},{"@type":"WebSite","@id":"https:\/\/sambacarioca.com.br\/samba\/#website","url":"https:\/\/sambacarioca.com.br\/samba\/","name":"Samba Carioca","description":"","potentialAction":[{"@type":"SearchAction","target":{"@type":"EntryPoint","urlTemplate":"https:\/\/sambacarioca.com.br\/samba\/?s={search_term_string}"},"query-input":{"@type":"PropertyValueSpecification","valueRequired":true,"valueName":"search_term_string"}}],"inLanguage":"pt-BR"},{"@type":"Person","@id":"https:\/\/sambacarioca.com.br\/samba\/#\/schema\/person\/42e9b7e075f1d5fa2249ffe5642dac8a","name":"pozzana","image":{"@type":"ImageObject","inLanguage":"pt-BR","@id":"https:\/\/secure.gravatar.com\/avatar\/fa8f924c29488a329bd70373453572f7494e802125f373a7f2937173cc26b21f?s=96&d=mm&r=g","url":"https:\/\/secure.gravatar.com\/avatar\/fa8f924c29488a329bd70373453572f7494e802125f373a7f2937173cc26b21f?s=96&d=mm&r=g","contentUrl":"https:\/\/secure.gravatar.com\/avatar\/fa8f924c29488a329bd70373453572f7494e802125f373a7f2937173cc26b21f?s=96&d=mm&r=g","caption":"pozzana"},"sameAs":["http:\/\/sambacarioca.com.br\/samba"],"url":"https:\/\/sambacarioca.com.br\/samba\/author\/pozzana\/"}]}},"jetpack_featured_media_url":"https:\/\/sambacarioca.com.br\/samba\/wp-content\/uploads\/2015\/11\/Bezerra-da-Silva-Pai-Veio.jpg","jetpack_sharing_enabled":true,"_links":{"self":[{"href":"https:\/\/sambacarioca.com.br\/samba\/wp-json\/wp\/v2\/posts\/622","targetHints":{"allow":["GET"]}}],"collection":[{"href":"https:\/\/sambacarioca.com.br\/samba\/wp-json\/wp\/v2\/posts"}],"about":[{"href":"https:\/\/sambacarioca.com.br\/samba\/wp-json\/wp\/v2\/types\/post"}],"author":[{"embeddable":true,"href":"https:\/\/sambacarioca.com.br\/samba\/wp-json\/wp\/v2\/users\/1"}],"replies":[{"embeddable":true,"href":"https:\/\/sambacarioca.com.br\/samba\/wp-json\/wp\/v2\/comments?post=622"}],"version-history":[{"count":0,"href":"https:\/\/sambacarioca.com.br\/samba\/wp-json\/wp\/v2\/posts\/622\/revisions"}],"wp:featuredmedia":[{"embeddable":true,"href":"https:\/\/sambacarioca.com.br\/samba\/wp-json\/wp\/v2\/media\/624"}],"wp:attachment":[{"href":"https:\/\/sambacarioca.com.br\/samba\/wp-json\/wp\/v2\/media?parent=622"}],"wp:term":[{"taxonomy":"category","embeddable":true,"href":"https:\/\/sambacarioca.com.br\/samba\/wp-json\/wp\/v2\/categories?post=622"},{"taxonomy":"post_tag","embeddable":true,"href":"https:\/\/sambacarioca.com.br\/samba\/wp-json\/wp\/v2\/tags?post=622"}],"curies":[{"name":"wp","href":"https:\/\/api.w.org\/{rel}","templated":true}]}}